{"id":1116,"date":"2026-04-24T13:24:12","date_gmt":"2026-04-24T16:24:12","guid":{"rendered":"https:\/\/chivilcoy.gov.ar\/hcd\/?p=1116"},"modified":"2026-04-24T13:24:12","modified_gmt":"2026-04-24T16:24:12","slug":"sesion-publica-ordinaria-23-04-2026","status":"publish","type":"post","link":"http:\/\/chivilcoy.gov.ar\/hcd\/2026\/04\/sesion-publica-ordinaria-23-04-2026\/","title":{"rendered":"Sesi\u00f3n P\u00fablica Ordinaria 23-04-2026"},"content":{"rendered":"<p>En la Sesi\u00f3n P\u00fablica Ordinaria de anoche se trataron y aprobaron un total de 7 expedientes del orden del d\u00eda, y uno sobre tablas.<\/p>\n<p>Entre ellos destacamos los m\u00e1s importantes:<\/p>\n<p>-Bloque Hacemos por Chivilcoy, Proyecto de ordenanza donde solicita se declare de inter\u00e9s municipal a las actividades que realiza la organizaci\u00f3n \u00abMadres Territoriales\u00bb en el Partido de Chivilcoy.<\/p>\n<p>-Bloque Fuerza Chivilcoyana, Proyecto de Ordenanza para declarar de inter\u00e9s social, deportivo y comunitario la \u00abVuelta de la Amistad Femenina\u00bb, desarrollada en la ciudad de Chivilcoy.<\/p>\n<p>-Bloque Fuerza Chivilcoyana, Proyecto de Ordenanza para declarar de inter\u00e9s cultural y educativo la obra \u00abMar\u00eda de Malvinas: Madre de la soberan\u00eda\u00bb, de la escritora Mar\u00eda Cecilia P\u00e9rez Llana.<\/p>\n<p>-Bloque Fuerza Patria, Proyecto de comunicaci\u00f3n donde solicita a la Direcci\u00f3n Nacional de Vialidad informe sobre el estado actual de la obra de transformaci\u00f3n en autopista de la Ruta Nacional N\u00b0 5 tramo Mercedes-Suipacha.<\/p>\n<p>-Bloque Fuerza Chivilcoyana, Proyecto de comunicaci\u00f3n para solicitar al Poder Ejecutivo Nacional la urgente reactivaci\u00f3n y culminaci\u00f3n de la obra de transformaci\u00f3n en autov\u00eda de la Ruta Nacional N\u00b0 5.<\/p>\n<p>-Bloque Fuerza Chivilcoyana, Proyecto de resoluci\u00f3n sobre solicitud al Departamento Ejecutivo para que realice de manera urgente un relevamiento del estado del pavimento.<\/p>\n<p>SOBRE TABLAS:<br \/>\n-Bloque Fuerza Patria, Proyecto de ordenanza sobre declaraci\u00f3n de inter\u00e9s municipal al \u00abFestival de Aeromodelismo\u00bb a realizarse en las instalaciones del Aeroclub Chivilcoy el 16 de mayo de 2026.<\/p>\n<p>Canal Oficial de YouTube:<\/p>\n<p><iframe loading=\"lazy\" title=\"SESION PUBLICA ORDINARIA 23 de Abril de  2026\" width=\"500\" height=\"281\" src=\"https:\/\/www.youtube.com\/embed\/ZVN2cFr9kb0?feature=oembed\" frameborder=\"0\" allow=\"accelerometer; autoplay; clipboard-write; encrypted-media; gyroscope; picture-in-picture; web-share\" referrerpolicy=\"strict-origin-when-cross-origin\" allowfullscreen><\/iframe><\/p>\n","protected":false},"excerpt":{"rendered":"<p>En la Sesi\u00f3n P\u00fablica Ordinaria de anoche se trataron y aprobaron un total de 7 expedientes del orden del d\u00eda, y uno sobre tablas. Entre ellos destacamos los m\u00e1s importantes: -Bloque Hacemos por Chivilcoy, Proyecto de ordenanza donde solicita se declare de inter\u00e9s municipal a las actividades que realiza la organizaci\u00f3n \u00abMadres Territoriales\u00bb en el [&hellip;]<\/p>\n","protected":false},"author":3,"featured_media":1117,"comment_status":"open","ping_status":"open","sticky":false,"template":"","format":"standard","meta":[],"categories":[1],"tags":[],"acf":[],"yoast_head":"<!-- This site is optimized with the Yoast SEO plugin v20.1 - https:\/\/yoast.com\/wordpress\/plugins\/seo\/ -->\n<title>Sesi\u00f3n P\u00fablica Ordinaria 23-04-2026 - Honorable Concejo Deliberante de Chivilcoy<\/title>\n<meta name=\"robots\" content=\"index, follow, max-snippet:-1, max-image-preview:large, max-video-preview:-1\" \/>\n<link rel=\"canonical\" href=\"https:\/\/chivilcoy.gov.ar\/hcd\/2026\/04\/sesion-publica-ordinaria-23-04-2026\/\" \/>\n<meta property=\"og:locale\" content=\"es_ES\" \/>\n<meta property=\"og:type\" content=\"article\" \/>\n<meta property=\"og:title\" content=\"Sesi\u00f3n P\u00fablica Ordinaria 23-04-2026 - Honorable Concejo Deliberante de Chivilcoy\" \/>\n<meta property=\"og:description\" content=\"En la Sesi\u00f3n P\u00fablica Ordinaria de anoche se trataron y aprobaron un total de 7 expedientes del orden del d\u00eda, y uno sobre tablas. Entre ellos destacamos los m\u00e1s importantes: -Bloque Hacemos por Chivilcoy, Proyecto de ordenanza donde solicita se declare de inter\u00e9s municipal a las actividades que realiza la organizaci\u00f3n \u00abMadres Territoriales\u00bb en el [&hellip;]\" \/>\n<meta property=\"og:url\" content=\"https:\/\/chivilcoy.gov.ar\/hcd\/2026\/04\/sesion-publica-ordinaria-23-04-2026\/\" \/>\n<meta property=\"og:site_name\" content=\"Honorable Concejo Deliberante de Chivilcoy\" \/>\n<meta property=\"article:publisher\" content=\"https:\/\/www.facebook.com\/Honorable-Concejo-Deliberante-Chivilcoy-1515926172071424\" \/>\n<meta property=\"article:published_time\" content=\"2026-04-24T16:24:12+00:00\" \/>\n<meta property=\"og:image\" content=\"http:\/\/chivilcoy.gov.ar\/hcd\/wp-content\/uploads\/2026\/04\/DSC01717-scaled.jpg\" \/>\n\t<meta property=\"og:image:width\" content=\"2560\" \/>\n\t<meta property=\"og:image:height\" content=\"1440\" \/>\n\t<meta property=\"og:image:type\" content=\"image\/jpeg\" \/>\n<meta name=\"author\" content=\"Soledad Melo\" \/>\n<meta name=\"twitter:card\" content=\"summary_large_image\" \/>\n<meta name=\"twitter:creator\" content=\"@HCDChivilcoy\" \/>\n<meta name=\"twitter:site\" content=\"@HCDChivilcoy\" \/>\n<meta name=\"twitter:label1\" content=\"Escrito por\" \/>\n\t<meta name=\"twitter:data1\" content=\"Soledad Melo\" \/>\n<script type=\"application\/ld+json\" class=\"yoast-schema-graph\">{\"@context\":\"https:\/\/schema.org\",\"@graph\":[{\"@type\":\"Article\",\"@id\":\"https:\/\/chivilcoy.gov.ar\/hcd\/2026\/04\/sesion-publica-ordinaria-23-04-2026\/#article\",\"isPartOf\":{\"@id\":\"https:\/\/chivilcoy.gov.ar\/hcd\/2026\/04\/sesion-publica-ordinaria-23-04-2026\/\"},\"author\":{\"name\":\"Soledad Melo\",\"@id\":\"https:\/\/chivilcoy.gov.ar\/hcd\/#\/schema\/person\/a02c148ba65c7549b42d4610e978224a\"},\"headline\":\"Sesi\u00f3n P\u00fablica Ordinaria 23-04-2026\",\"datePublished\":\"2026-04-24T16:24:12+00:00\",\"dateModified\":\"2026-04-24T16:24:12+00:00\",\"mainEntityOfPage\":{\"@id\":\"https:\/\/chivilcoy.gov.ar\/hcd\/2026\/04\/sesion-publica-ordinaria-23-04-2026\/\"},\"wordCount\":269,\"commentCount\":0,\"publisher\":{\"@id\":\"https:\/\/chivilcoy.gov.ar\/hcd\/#organization\"},\"inLanguage\":\"es\",\"potentialAction\":[{\"@type\":\"CommentAction\",\"name\":\"Comment\",\"target\":[\"https:\/\/chivilcoy.gov.ar\/hcd\/2026\/04\/sesion-publica-ordinaria-23-04-2026\/#respond\"]}]},{\"@type\":\"WebPage\",\"@id\":\"https:\/\/chivilcoy.gov.ar\/hcd\/2026\/04\/sesion-publica-ordinaria-23-04-2026\/\",\"url\":\"https:\/\/chivilcoy.gov.ar\/hcd\/2026\/04\/sesion-publica-ordinaria-23-04-2026\/\",\"name\":\"Sesi\u00f3n P\u00fablica Ordinaria 23-04-2026 - Honorable Concejo Deliberante de Chivilcoy\",\"isPartOf\":{\"@id\":\"https:\/\/chivilcoy.gov.ar\/hcd\/#website\"},\"datePublished\":\"2026-04-24T16:24:12+00:00\",\"dateModified\":\"2026-04-24T16:24:12+00:00\",\"breadcrumb\":{\"@id\":\"https:\/\/chivilcoy.gov.ar\/hcd\/2026\/04\/sesion-publica-ordinaria-23-04-2026\/#breadcrumb\"},\"inLanguage\":\"es\",\"potentialAction\":[{\"@type\":\"ReadAction\",\"target\":[\"https:\/\/chivilcoy.gov.ar\/hcd\/2026\/04\/sesion-publica-ordinaria-23-04-2026\/\"]}]},{\"@type\":\"BreadcrumbList\",\"@id\":\"https:\/\/chivilcoy.gov.ar\/hcd\/2026\/04\/sesion-publica-ordinaria-23-04-2026\/#breadcrumb\",\"itemListElement\":[{\"@type\":\"ListItem\",\"position\":1,\"name\":\"Portada\",\"item\":\"https:\/\/chivilcoy.gov.ar\/hcd\/\"},{\"@type\":\"ListItem\",\"position\":2,\"name\":\"Sesi\u00f3n P\u00fablica Ordinaria 23-04-2026\"}]},{\"@type\":\"WebSite\",\"@id\":\"https:\/\/chivilcoy.gov.ar\/hcd\/#website\",\"url\":\"https:\/\/chivilcoy.gov.ar\/hcd\/\",\"name\":\"Honorable Concejo Deliberante de Chivilcoy\",\"description\":\"\",\"publisher\":{\"@id\":\"https:\/\/chivilcoy.gov.ar\/hcd\/#organization\"},\"potentialAction\":[{\"@type\":\"SearchAction\",\"target\":{\"@type\":\"EntryPoint\",\"urlTemplate\":\"https:\/\/chivilcoy.gov.ar\/hcd\/?s={search_term_string}\"},\"query-input\":\"required name=search_term_string\"}],\"inLanguage\":\"es\"},{\"@type\":\"Organization\",\"@id\":\"https:\/\/chivilcoy.gov.ar\/hcd\/#organization\",\"name\":\"Honorable Concejo Deliberante de Chivilcoy\",\"url\":\"https:\/\/chivilcoy.gov.ar\/hcd\/\",\"logo\":{\"@type\":\"ImageObject\",\"inLanguage\":\"es\",\"@id\":\"https:\/\/chivilcoy.gov.ar\/hcd\/#\/schema\/logo\/image\/\",\"url\":\"https:\/\/chivilcoy.gov.ar\/hcd\/wp-content\/uploads\/2021\/02\/logo-hcd.jpg\",\"contentUrl\":\"https:\/\/chivilcoy.gov.ar\/hcd\/wp-content\/uploads\/2021\/02\/logo-hcd.jpg\",\"width\":800,\"height\":800,\"caption\":\"Honorable Concejo Deliberante de Chivilcoy\"},\"image\":{\"@id\":\"https:\/\/chivilcoy.gov.ar\/hcd\/#\/schema\/logo\/image\/\"},\"sameAs\":[\"https:\/\/www.facebook.com\/Honorable-Concejo-Deliberante-Chivilcoy-1515926172071424\",\"https:\/\/twitter.com\/HCDChivilcoy\",\"https:\/\/www.instagram.com\/concejochivilcoy\/\"]},{\"@type\":\"Person\",\"@id\":\"https:\/\/chivilcoy.gov.ar\/hcd\/#\/schema\/person\/a02c148ba65c7549b42d4610e978224a\",\"name\":\"Soledad Melo\",\"image\":{\"@type\":\"ImageObject\",\"inLanguage\":\"es\",\"@id\":\"https:\/\/chivilcoy.gov.ar\/hcd\/#\/schema\/person\/image\/\",\"url\":\"http:\/\/0.gravatar.com\/avatar\/fb3195afcb301d7c32e044c05a8a43e4?s=96&d=mm&r=g\",\"contentUrl\":\"http:\/\/0.gravatar.com\/avatar\/fb3195afcb301d7c32e044c05a8a43e4?s=96&d=mm&r=g\",\"caption\":\"Soledad Melo\"}}]}<\/script>\n<!-- \/ Yoast SEO plugin. -->","yoast_head_json":{"title":"Sesi\u00f3n P\u00fablica Ordinaria 23-04-2026 - Honorable Concejo Deliberante de Chivilcoy","robots":{"index":"index","follow":"follow","max-snippet":"max-snippet:-1","max-image-preview":"max-image-preview:large","max-video-preview":"max-video-preview:-1"},"canonical":"https:\/\/chivilcoy.gov.ar\/hcd\/2026\/04\/sesion-publica-ordinaria-23-04-2026\/","og_locale":"es_ES","og_type":"article","og_title":"Sesi\u00f3n P\u00fablica Ordinaria 23-04-2026 - Honorable Concejo Deliberante de Chivilcoy","og_description":"En la Sesi\u00f3n P\u00fablica Ordinaria de anoche se trataron y aprobaron un total de 7 expedientes del orden del d\u00eda, y uno sobre tablas. Entre ellos destacamos los m\u00e1s importantes: -Bloque Hacemos por Chivilcoy, Proyecto de ordenanza donde solicita se declare de inter\u00e9s municipal a las actividades que realiza la organizaci\u00f3n \u00abMadres Territoriales\u00bb en el [&hellip;]","og_url":"https:\/\/chivilcoy.gov.ar\/hcd\/2026\/04\/sesion-publica-ordinaria-23-04-2026\/","og_site_name":"Honorable Concejo Deliberante de Chivilcoy","article_publisher":"https:\/\/www.facebook.com\/Honorable-Concejo-Deliberante-Chivilcoy-1515926172071424","article_published_time":"2026-04-24T16:24:12+00:00","og_image":[{"width":2560,"height":1440,"url":"http:\/\/chivilcoy.gov.ar\/hcd\/wp-content\/uploads\/2026\/04\/DSC01717-scaled.jpg","type":"image\/jpeg"}],"author":"Soledad Melo","twitter_card":"summary_large_image","twitter_creator":"@HCDChivilcoy","twitter_site":"@HCDChivilcoy","twitter_misc":{"Escrito por":"Soledad Melo"},"schema":{"@context":"https:\/\/schema.org","@graph":[{"@type":"Article","@id":"https:\/\/chivilcoy.gov.ar\/hcd\/2026\/04\/sesion-publica-ordinaria-23-04-2026\/#article","isPartOf":{"@id":"https:\/\/chivilcoy.gov.ar\/hcd\/2026\/04\/sesion-publica-ordinaria-23-04-2026\/"},"author":{"name":"Soledad Melo","@id":"https:\/\/chivilcoy.gov.ar\/hcd\/#\/schema\/person\/a02c148ba65c7549b42d4610e978224a"},"headline":"Sesi\u00f3n P\u00fablica Ordinaria 23-04-2026","datePublished":"2026-04-24T16:24:12+00:00","dateModified":"2026-04-24T16:24:12+00:00","mainEntityOfPage":{"@id":"https:\/\/chivilcoy.gov.ar\/hcd\/2026\/04\/sesion-publica-ordinaria-23-04-2026\/"},"wordCount":269,"commentCount":0,"publisher":{"@id":"https:\/\/chivilcoy.gov.ar\/hcd\/#organization"},"inLanguage":"es","potentialAction":[{"@type":"CommentAction","name":"Comment","target":["https:\/\/chivilcoy.gov.ar\/hcd\/2026\/04\/sesion-publica-ordinaria-23-04-2026\/#respond"]}]},{"@type":"WebPage","@id":"https:\/\/chivilcoy.gov.ar\/hcd\/2026\/04\/sesion-publica-ordinaria-23-04-2026\/","url":"https:\/\/chivilcoy.gov.ar\/hcd\/2026\/04\/sesion-publica-ordinaria-23-04-2026\/","name":"Sesi\u00f3n P\u00fablica Ordinaria 23-04-2026 - Honorable Concejo Deliberante de Chivilcoy","isPartOf":{"@id":"https:\/\/chivilcoy.gov.ar\/hcd\/#website"},"datePublished":"2026-04-24T16:24:12+00:00","dateModified":"2026-04-24T16:24:12+00:00","breadcrumb":{"@id":"https:\/\/chivilcoy.gov.ar\/hcd\/2026\/04\/sesion-publica-ordinaria-23-04-2026\/#breadcrumb"},"inLanguage":"es","potentialAction":[{"@type":"ReadAction","target":["https:\/\/chivilcoy.gov.ar\/hcd\/2026\/04\/sesion-publica-ordinaria-23-04-2026\/"]}]},{"@type":"BreadcrumbList","@id":"https:\/\/chivilcoy.gov.ar\/hcd\/2026\/04\/sesion-publica-ordinaria-23-04-2026\/#breadcrumb","itemListElement":[{"@type":"ListItem","position":1,"name":"Portada","item":"https:\/\/chivilcoy.gov.ar\/hcd\/"},{"@type":"ListItem","position":2,"name":"Sesi\u00f3n P\u00fablica Ordinaria 23-04-2026"}]},{"@type":"WebSite","@id":"https:\/\/chivilcoy.gov.ar\/hcd\/#website","url":"https:\/\/chivilcoy.gov.ar\/hcd\/","name":"Honorable Concejo Deliberante de Chivilcoy","description":"","publisher":{"@id":"https:\/\/chivilcoy.gov.ar\/hcd\/#organization"},"potentialAction":[{"@type":"SearchAction","target":{"@type":"EntryPoint","urlTemplate":"https:\/\/chivilcoy.gov.ar\/hcd\/?s={search_term_string}"},"query-input":"required name=search_term_string"}],"inLanguage":"es"},{"@type":"Organization","@id":"https:\/\/chivilcoy.gov.ar\/hcd\/#organization","name":"Honorable Concejo Deliberante de Chivilcoy","url":"https:\/\/chivilcoy.gov.ar\/hcd\/","logo":{"@type":"ImageObject","inLanguage":"es","@id":"https:\/\/chivilcoy.gov.ar\/hcd\/#\/schema\/logo\/image\/","url":"https:\/\/chivilcoy.gov.ar\/hcd\/wp-content\/uploads\/2021\/02\/logo-hcd.jpg","contentUrl":"https:\/\/chivilcoy.gov.ar\/hcd\/wp-content\/uploads\/2021\/02\/logo-hcd.jpg","width":800,"height":800,"caption":"Honorable Concejo Deliberante de Chivilcoy"},"image":{"@id":"https:\/\/chivilcoy.gov.ar\/hcd\/#\/schema\/logo\/image\/"},"sameAs":["https:\/\/www.facebook.com\/Honorable-Concejo-Deliberante-Chivilcoy-1515926172071424","https:\/\/twitter.com\/HCDChivilcoy","https:\/\/www.instagram.com\/concejochivilcoy\/"]},{"@type":"Person","@id":"https:\/\/chivilcoy.gov.ar\/hcd\/#\/schema\/person\/a02c148ba65c7549b42d4610e978224a","name":"Soledad Melo","image":{"@type":"ImageObject","inLanguage":"es","@id":"https:\/\/chivilcoy.gov.ar\/hcd\/#\/schema\/person\/image\/","url":"http:\/\/0.gravatar.com\/avatar\/fb3195afcb301d7c32e044c05a8a43e4?s=96&d=mm&r=g","contentUrl":"http:\/\/0.gravatar.com\/avatar\/fb3195afcb301d7c32e044c05a8a43e4?s=96&d=mm&r=g","caption":"Soledad Melo"}}]}},"_links":{"self":[{"href":"http:\/\/chivilcoy.gov.ar\/hcd\/wp-json\/wp\/v2\/posts\/1116"}],"collection":[{"href":"http:\/\/chivilcoy.gov.ar\/hcd\/wp-json\/wp\/v2\/posts"}],"about":[{"href":"http:\/\/chivilcoy.gov.ar\/hcd\/wp-json\/wp\/v2\/types\/post"}],"author":[{"embeddable":true,"href":"http:\/\/chivilcoy.gov.ar\/hcd\/wp-json\/wp\/v2\/users\/3"}],"replies":[{"embeddable":true,"href":"http:\/\/chivilcoy.gov.ar\/hcd\/wp-json\/wp\/v2\/comments?post=1116"}],"version-history":[{"count":1,"href":"http:\/\/chivilcoy.gov.ar\/hcd\/wp-json\/wp\/v2\/posts\/1116\/revisions"}],"predecessor-version":[{"id":1118,"href":"http:\/\/chivilcoy.gov.ar\/hcd\/wp-json\/wp\/v2\/posts\/1116\/revisions\/1118"}],"wp:featuredmedia":[{"embeddable":true,"href":"http:\/\/chivilcoy.gov.ar\/hcd\/wp-json\/wp\/v2\/media\/1117"}],"wp:attachment":[{"href":"http:\/\/chivilcoy.gov.ar\/hcd\/wp-json\/wp\/v2\/media?parent=1116"}],"wp:term":[{"taxonomy":"category","embeddable":true,"href":"http:\/\/chivilcoy.gov.ar\/hcd\/wp-json\/wp\/v2\/categories?post=1116"},{"taxonomy":"post_tag","embeddable":true,"href":"http:\/\/chivilcoy.gov.ar\/hcd\/wp-json\/wp\/v2\/tags?post=1116"}],"curies":[{"name":"wp","href":"https:\/\/api.w.org\/{rel}","templated":true}]}}