{"id":1059,"date":"2026-04-10T10:35:39","date_gmt":"2026-04-10T13:35:39","guid":{"rendered":"https:\/\/chivilcoy.gov.ar\/hcd\/?p=1059"},"modified":"2026-04-10T10:38:08","modified_gmt":"2026-04-10T13:38:08","slug":"sesion-publica-ordinaria","status":"publish","type":"post","link":"http:\/\/chivilcoy.gov.ar\/hcd\/2026\/04\/sesion-publica-ordinaria\/","title":{"rendered":"Sesi\u00f3n P\u00fablica Ordinaria 9-04-2026"},"content":{"rendered":"<p>En la Sesi\u00f3n P\u00fablica Ordinaria de anoche se trataron y aprobaron un total de 8 expedientes del orden del d\u00eda. Entre ellos destacamos los m\u00e1s importantes:<\/p>\n<p>-Bloque Primero Chivilcoy proyecto de ordenanza para establecer obligatoriedad para propietarios, poseedores a t\u00edtulo de due\u00f1o usufructuarios o tenedores de inmuebles bald\u00edos dentro del Partido de Chivilcoy de mantenerlos en perfectas condiciones de limpieza.<\/p>\n<p>-Bloque Juan Mart\u00edn Etcheverr\u00eda, proyecto de ordenanza para declarar de orden P\u00fablico en el Partido de Chivilcoy y de ejecuci\u00f3n prioritaria que los futuros trabajos de mejoramiento de calles con consolidado de piedra se realicen priorizando las zonas inundables m\u00e1s vulnerables.<\/p>\n<p>-Bloque Hacemos por Chivilcoy, proyecto de Comunicaci\u00f3n para solicitar al Honorable Senado de la provincia de Buenos Aires el pronto tratamiento y sanci\u00f3n definitiva del proyecto de ley que regula la actividad de los acompa\u00f1antes terap\u00e9uticos.<\/p>\n<p>-Bloque fuerza patria Chivilcoy Proyecto de Resoluci\u00f3n para solicitar al D.E convocatoria y puesta en funcionamiento de la Comisi\u00f3n Fiscalizadora del Agua creada por la Ordza. N\u00ba 9133.<\/p>\n<p>-Bloque Fuerza Patria Chivilcoy, proyecto de Resoluci\u00f3n para que el D.E disponga de operativo de limpieza intensiva y diaria en las zonas afectadas por acumulaci\u00f3n de excremento de estorninos.<\/p>\n","protected":false},"excerpt":{"rendered":"<p>En la Sesi\u00f3n P\u00fablica Ordinaria de anoche se trataron y aprobaron un total de 8 expedientes del orden del d\u00eda. Entre ellos destacamos los m\u00e1s importantes: -Bloque Primero Chivilcoy proyecto de ordenanza para establecer obligatoriedad para propietarios, poseedores a t\u00edtulo de due\u00f1o usufructuarios o tenedores de inmuebles bald\u00edos dentro del Partido de Chivilcoy de mantenerlos [&hellip;]<\/p>\n","protected":false},"author":3,"featured_media":1060,"comment_status":"open","ping_status":"open","sticky":false,"template":"","format":"standard","meta":[],"categories":[1],"tags":[],"acf":[],"yoast_head":"<!-- This site is optimized with the Yoast SEO plugin v20.1 - https:\/\/yoast.com\/wordpress\/plugins\/seo\/ -->\n<title>Sesi\u00f3n P\u00fablica Ordinaria 9-04-2026 - Honorable Concejo Deliberante de Chivilcoy<\/title>\n<meta name=\"robots\" content=\"index, follow, max-snippet:-1, max-image-preview:large, max-video-preview:-1\" \/>\n<link rel=\"canonical\" href=\"https:\/\/chivilcoy.gov.ar\/hcd\/2026\/04\/sesion-publica-ordinaria\/\" \/>\n<meta property=\"og:locale\" content=\"es_ES\" \/>\n<meta property=\"og:type\" content=\"article\" \/>\n<meta property=\"og:title\" content=\"Sesi\u00f3n P\u00fablica Ordinaria 9-04-2026 - Honorable Concejo Deliberante de Chivilcoy\" \/>\n<meta property=\"og:description\" content=\"En la Sesi\u00f3n P\u00fablica Ordinaria de anoche se trataron y aprobaron un total de 8 expedientes del orden del d\u00eda. Entre ellos destacamos los m\u00e1s importantes: -Bloque Primero Chivilcoy proyecto de ordenanza para establecer obligatoriedad para propietarios, poseedores a t\u00edtulo de due\u00f1o usufructuarios o tenedores de inmuebles bald\u00edos dentro del Partido de Chivilcoy de mantenerlos [&hellip;]\" \/>\n<meta property=\"og:url\" content=\"https:\/\/chivilcoy.gov.ar\/hcd\/2026\/04\/sesion-publica-ordinaria\/\" \/>\n<meta property=\"og:site_name\" content=\"Honorable Concejo Deliberante de Chivilcoy\" \/>\n<meta property=\"article:publisher\" content=\"https:\/\/www.facebook.com\/Honorable-Concejo-Deliberante-Chivilcoy-1515926172071424\" \/>\n<meta property=\"article:published_time\" content=\"2026-04-10T13:35:39+00:00\" \/>\n<meta property=\"article:modified_time\" content=\"2026-04-10T13:38:08+00:00\" \/>\n<meta property=\"og:image\" content=\"https:\/\/chivilcoy.gov.ar\/hcd\/wp-content\/uploads\/2026\/04\/WhatsApp-Image-2026-04-10-at-10.30.40.jpeg\" \/>\n\t<meta property=\"og:image:width\" content=\"1600\" \/>\n\t<meta property=\"og:image:height\" content=\"1066\" \/>\n\t<meta property=\"og:image:type\" content=\"image\/jpeg\" \/>\n<meta name=\"author\" content=\"Soledad Melo\" \/>\n<meta name=\"twitter:card\" content=\"summary_large_image\" \/>\n<meta name=\"twitter:creator\" content=\"@HCDChivilcoy\" \/>\n<meta name=\"twitter:site\" content=\"@HCDChivilcoy\" \/>\n<meta name=\"twitter:label1\" content=\"Escrito por\" \/>\n\t<meta name=\"twitter:data1\" content=\"Soledad Melo\" \/>\n\t<meta name=\"twitter:label2\" content=\"Tiempo de lectura\" \/>\n\t<meta name=\"twitter:data2\" content=\"1 minuto\" \/>\n<script type=\"application\/ld+json\" class=\"yoast-schema-graph\">{\"@context\":\"https:\/\/schema.org\",\"@graph\":[{\"@type\":\"Article\",\"@id\":\"https:\/\/chivilcoy.gov.ar\/hcd\/2026\/04\/sesion-publica-ordinaria\/#article\",\"isPartOf\":{\"@id\":\"https:\/\/chivilcoy.gov.ar\/hcd\/2026\/04\/sesion-publica-ordinaria\/\"},\"author\":{\"name\":\"Soledad Melo\",\"@id\":\"https:\/\/chivilcoy.gov.ar\/hcd\/#\/schema\/person\/a02c148ba65c7549b42d4610e978224a\"},\"headline\":\"Sesi\u00f3n P\u00fablica Ordinaria 9-04-2026\",\"datePublished\":\"2026-04-10T13:35:39+00:00\",\"dateModified\":\"2026-04-10T13:38:08+00:00\",\"mainEntityOfPage\":{\"@id\":\"https:\/\/chivilcoy.gov.ar\/hcd\/2026\/04\/sesion-publica-ordinaria\/\"},\"wordCount\":221,\"commentCount\":0,\"publisher\":{\"@id\":\"https:\/\/chivilcoy.gov.ar\/hcd\/#organization\"},\"inLanguage\":\"es\",\"potentialAction\":[{\"@type\":\"CommentAction\",\"name\":\"Comment\",\"target\":[\"https:\/\/chivilcoy.gov.ar\/hcd\/2026\/04\/sesion-publica-ordinaria\/#respond\"]}]},{\"@type\":\"WebPage\",\"@id\":\"https:\/\/chivilcoy.gov.ar\/hcd\/2026\/04\/sesion-publica-ordinaria\/\",\"url\":\"https:\/\/chivilcoy.gov.ar\/hcd\/2026\/04\/sesion-publica-ordinaria\/\",\"name\":\"Sesi\u00f3n P\u00fablica Ordinaria 9-04-2026 - Honorable Concejo Deliberante de Chivilcoy\",\"isPartOf\":{\"@id\":\"https:\/\/chivilcoy.gov.ar\/hcd\/#website\"},\"datePublished\":\"2026-04-10T13:35:39+00:00\",\"dateModified\":\"2026-04-10T13:38:08+00:00\",\"breadcrumb\":{\"@id\":\"https:\/\/chivilcoy.gov.ar\/hcd\/2026\/04\/sesion-publica-ordinaria\/#breadcrumb\"},\"inLanguage\":\"es\",\"potentialAction\":[{\"@type\":\"ReadAction\",\"target\":[\"https:\/\/chivilcoy.gov.ar\/hcd\/2026\/04\/sesion-publica-ordinaria\/\"]}]},{\"@type\":\"BreadcrumbList\",\"@id\":\"https:\/\/chivilcoy.gov.ar\/hcd\/2026\/04\/sesion-publica-ordinaria\/#breadcrumb\",\"itemListElement\":[{\"@type\":\"ListItem\",\"position\":1,\"name\":\"Portada\",\"item\":\"https:\/\/chivilcoy.gov.ar\/hcd\/\"},{\"@type\":\"ListItem\",\"position\":2,\"name\":\"Sesi\u00f3n P\u00fablica Ordinaria 9-04-2026\"}]},{\"@type\":\"WebSite\",\"@id\":\"https:\/\/chivilcoy.gov.ar\/hcd\/#website\",\"url\":\"https:\/\/chivilcoy.gov.ar\/hcd\/\",\"name\":\"Honorable Concejo Deliberante de Chivilcoy\",\"description\":\"\",\"publisher\":{\"@id\":\"https:\/\/chivilcoy.gov.ar\/hcd\/#organization\"},\"potentialAction\":[{\"@type\":\"SearchAction\",\"target\":{\"@type\":\"EntryPoint\",\"urlTemplate\":\"https:\/\/chivilcoy.gov.ar\/hcd\/?s={search_term_string}\"},\"query-input\":\"required name=search_term_string\"}],\"inLanguage\":\"es\"},{\"@type\":\"Organization\",\"@id\":\"https:\/\/chivilcoy.gov.ar\/hcd\/#organization\",\"name\":\"Honorable Concejo Deliberante de Chivilcoy\",\"url\":\"https:\/\/chivilcoy.gov.ar\/hcd\/\",\"logo\":{\"@type\":\"ImageObject\",\"inLanguage\":\"es\",\"@id\":\"https:\/\/chivilcoy.gov.ar\/hcd\/#\/schema\/logo\/image\/\",\"url\":\"https:\/\/chivilcoy.gov.ar\/hcd\/wp-content\/uploads\/2021\/02\/logo-hcd.jpg\",\"contentUrl\":\"https:\/\/chivilcoy.gov.ar\/hcd\/wp-content\/uploads\/2021\/02\/logo-hcd.jpg\",\"width\":800,\"height\":800,\"caption\":\"Honorable Concejo Deliberante de Chivilcoy\"},\"image\":{\"@id\":\"https:\/\/chivilcoy.gov.ar\/hcd\/#\/schema\/logo\/image\/\"},\"sameAs\":[\"https:\/\/www.facebook.com\/Honorable-Concejo-Deliberante-Chivilcoy-1515926172071424\",\"https:\/\/twitter.com\/HCDChivilcoy\",\"https:\/\/www.instagram.com\/concejochivilcoy\/\"]},{\"@type\":\"Person\",\"@id\":\"https:\/\/chivilcoy.gov.ar\/hcd\/#\/schema\/person\/a02c148ba65c7549b42d4610e978224a\",\"name\":\"Soledad Melo\",\"image\":{\"@type\":\"ImageObject\",\"inLanguage\":\"es\",\"@id\":\"https:\/\/chivilcoy.gov.ar\/hcd\/#\/schema\/person\/image\/\",\"url\":\"http:\/\/0.gravatar.com\/avatar\/fb3195afcb301d7c32e044c05a8a43e4?s=96&d=mm&r=g\",\"contentUrl\":\"http:\/\/0.gravatar.com\/avatar\/fb3195afcb301d7c32e044c05a8a43e4?s=96&d=mm&r=g\",\"caption\":\"Soledad Melo\"}}]}<\/script>\n<!-- \/ Yoast SEO plugin. -->","yoast_head_json":{"title":"Sesi\u00f3n P\u00fablica Ordinaria 9-04-2026 - Honorable Concejo Deliberante de Chivilcoy","robots":{"index":"index","follow":"follow","max-snippet":"max-snippet:-1","max-image-preview":"max-image-preview:large","max-video-preview":"max-video-preview:-1"},"canonical":"https:\/\/chivilcoy.gov.ar\/hcd\/2026\/04\/sesion-publica-ordinaria\/","og_locale":"es_ES","og_type":"article","og_title":"Sesi\u00f3n P\u00fablica Ordinaria 9-04-2026 - Honorable Concejo Deliberante de Chivilcoy","og_description":"En la Sesi\u00f3n P\u00fablica Ordinaria de anoche se trataron y aprobaron un total de 8 expedientes del orden del d\u00eda. Entre ellos destacamos los m\u00e1s importantes: -Bloque Primero Chivilcoy proyecto de ordenanza para establecer obligatoriedad para propietarios, poseedores a t\u00edtulo de due\u00f1o usufructuarios o tenedores de inmuebles bald\u00edos dentro del Partido de Chivilcoy de mantenerlos [&hellip;]","og_url":"https:\/\/chivilcoy.gov.ar\/hcd\/2026\/04\/sesion-publica-ordinaria\/","og_site_name":"Honorable Concejo Deliberante de Chivilcoy","article_publisher":"https:\/\/www.facebook.com\/Honorable-Concejo-Deliberante-Chivilcoy-1515926172071424","article_published_time":"2026-04-10T13:35:39+00:00","article_modified_time":"2026-04-10T13:38:08+00:00","og_image":[{"width":1600,"height":1066,"url":"https:\/\/chivilcoy.gov.ar\/hcd\/wp-content\/uploads\/2026\/04\/WhatsApp-Image-2026-04-10-at-10.30.40.jpeg","type":"image\/jpeg"}],"author":"Soledad Melo","twitter_card":"summary_large_image","twitter_creator":"@HCDChivilcoy","twitter_site":"@HCDChivilcoy","twitter_misc":{"Escrito por":"Soledad Melo","Tiempo de lectura":"1 minuto"},"schema":{"@context":"https:\/\/schema.org","@graph":[{"@type":"Article","@id":"https:\/\/chivilcoy.gov.ar\/hcd\/2026\/04\/sesion-publica-ordinaria\/#article","isPartOf":{"@id":"https:\/\/chivilcoy.gov.ar\/hcd\/2026\/04\/sesion-publica-ordinaria\/"},"author":{"name":"Soledad Melo","@id":"https:\/\/chivilcoy.gov.ar\/hcd\/#\/schema\/person\/a02c148ba65c7549b42d4610e978224a"},"headline":"Sesi\u00f3n P\u00fablica Ordinaria 9-04-2026","datePublished":"2026-04-10T13:35:39+00:00","dateModified":"2026-04-10T13:38:08+00:00","mainEntityOfPage":{"@id":"https:\/\/chivilcoy.gov.ar\/hcd\/2026\/04\/sesion-publica-ordinaria\/"},"wordCount":221,"commentCount":0,"publisher":{"@id":"https:\/\/chivilcoy.gov.ar\/hcd\/#organization"},"inLanguage":"es","potentialAction":[{"@type":"CommentAction","name":"Comment","target":["https:\/\/chivilcoy.gov.ar\/hcd\/2026\/04\/sesion-publica-ordinaria\/#respond"]}]},{"@type":"WebPage","@id":"https:\/\/chivilcoy.gov.ar\/hcd\/2026\/04\/sesion-publica-ordinaria\/","url":"https:\/\/chivilcoy.gov.ar\/hcd\/2026\/04\/sesion-publica-ordinaria\/","name":"Sesi\u00f3n P\u00fablica Ordinaria 9-04-2026 - Honorable Concejo Deliberante de Chivilcoy","isPartOf":{"@id":"https:\/\/chivilcoy.gov.ar\/hcd\/#website"},"datePublished":"2026-04-10T13:35:39+00:00","dateModified":"2026-04-10T13:38:08+00:00","breadcrumb":{"@id":"https:\/\/chivilcoy.gov.ar\/hcd\/2026\/04\/sesion-publica-ordinaria\/#breadcrumb"},"inLanguage":"es","potentialAction":[{"@type":"ReadAction","target":["https:\/\/chivilcoy.gov.ar\/hcd\/2026\/04\/sesion-publica-ordinaria\/"]}]},{"@type":"BreadcrumbList","@id":"https:\/\/chivilcoy.gov.ar\/hcd\/2026\/04\/sesion-publica-ordinaria\/#breadcrumb","itemListElement":[{"@type":"ListItem","position":1,"name":"Portada","item":"https:\/\/chivilcoy.gov.ar\/hcd\/"},{"@type":"ListItem","position":2,"name":"Sesi\u00f3n P\u00fablica Ordinaria 9-04-2026"}]},{"@type":"WebSite","@id":"https:\/\/chivilcoy.gov.ar\/hcd\/#website","url":"https:\/\/chivilcoy.gov.ar\/hcd\/","name":"Honorable Concejo Deliberante de Chivilcoy","description":"","publisher":{"@id":"https:\/\/chivilcoy.gov.ar\/hcd\/#organization"},"potentialAction":[{"@type":"SearchAction","target":{"@type":"EntryPoint","urlTemplate":"https:\/\/chivilcoy.gov.ar\/hcd\/?s={search_term_string}"},"query-input":"required name=search_term_string"}],"inLanguage":"es"},{"@type":"Organization","@id":"https:\/\/chivilcoy.gov.ar\/hcd\/#organization","name":"Honorable Concejo Deliberante de Chivilcoy","url":"https:\/\/chivilcoy.gov.ar\/hcd\/","logo":{"@type":"ImageObject","inLanguage":"es","@id":"https:\/\/chivilcoy.gov.ar\/hcd\/#\/schema\/logo\/image\/","url":"https:\/\/chivilcoy.gov.ar\/hcd\/wp-content\/uploads\/2021\/02\/logo-hcd.jpg","contentUrl":"https:\/\/chivilcoy.gov.ar\/hcd\/wp-content\/uploads\/2021\/02\/logo-hcd.jpg","width":800,"height":800,"caption":"Honorable Concejo Deliberante de Chivilcoy"},"image":{"@id":"https:\/\/chivilcoy.gov.ar\/hcd\/#\/schema\/logo\/image\/"},"sameAs":["https:\/\/www.facebook.com\/Honorable-Concejo-Deliberante-Chivilcoy-1515926172071424","https:\/\/twitter.com\/HCDChivilcoy","https:\/\/www.instagram.com\/concejochivilcoy\/"]},{"@type":"Person","@id":"https:\/\/chivilcoy.gov.ar\/hcd\/#\/schema\/person\/a02c148ba65c7549b42d4610e978224a","name":"Soledad Melo","image":{"@type":"ImageObject","inLanguage":"es","@id":"https:\/\/chivilcoy.gov.ar\/hcd\/#\/schema\/person\/image\/","url":"http:\/\/0.gravatar.com\/avatar\/fb3195afcb301d7c32e044c05a8a43e4?s=96&d=mm&r=g","contentUrl":"http:\/\/0.gravatar.com\/avatar\/fb3195afcb301d7c32e044c05a8a43e4?s=96&d=mm&r=g","caption":"Soledad Melo"}}]}},"_links":{"self":[{"href":"http:\/\/chivilcoy.gov.ar\/hcd\/wp-json\/wp\/v2\/posts\/1059"}],"collection":[{"href":"http:\/\/chivilcoy.gov.ar\/hcd\/wp-json\/wp\/v2\/posts"}],"about":[{"href":"http:\/\/chivilcoy.gov.ar\/hcd\/wp-json\/wp\/v2\/types\/post"}],"author":[{"embeddable":true,"href":"http:\/\/chivilcoy.gov.ar\/hcd\/wp-json\/wp\/v2\/users\/3"}],"replies":[{"embeddable":true,"href":"http:\/\/chivilcoy.gov.ar\/hcd\/wp-json\/wp\/v2\/comments?post=1059"}],"version-history":[{"count":2,"href":"http:\/\/chivilcoy.gov.ar\/hcd\/wp-json\/wp\/v2\/posts\/1059\/revisions"}],"predecessor-version":[{"id":1062,"href":"http:\/\/chivilcoy.gov.ar\/hcd\/wp-json\/wp\/v2\/posts\/1059\/revisions\/1062"}],"wp:featuredmedia":[{"embeddable":true,"href":"http:\/\/chivilcoy.gov.ar\/hcd\/wp-json\/wp\/v2\/media\/1060"}],"wp:attachment":[{"href":"http:\/\/chivilcoy.gov.ar\/hcd\/wp-json\/wp\/v2\/media?parent=1059"}],"wp:term":[{"taxonomy":"category","embeddable":true,"href":"http:\/\/chivilcoy.gov.ar\/hcd\/wp-json\/wp\/v2\/categories?post=1059"},{"taxonomy":"post_tag","embeddable":true,"href":"http:\/\/chivilcoy.gov.ar\/hcd\/wp-json\/wp\/v2\/tags?post=1059"}],"curies":[{"name":"wp","href":"https:\/\/api.w.org\/{rel}","templated":true}]}}